{"id":6662,"date":"2025-12-18T11:41:11","date_gmt":"2025-12-18T10:41:11","guid":{"rendered":"https:\/\/adams.edu.pl\/?p=6662"},"modified":"2025-12-18T11:47:55","modified_gmt":"2025-12-18T10:47:55","slug":"nowe-kursy-na-rok-2026","status":"publish","type":"post","link":"https:\/\/adams.edu.pl\/en\/nowe-kursy-na-rok-2026\/","title":{"rendered":"Nowe kursy na rok 2026"},"content":{"rendered":"<p>Drodzy Kursanci,<\/p>\n\n\n\n<p><strong>Rozpoczynamy zapisy na kursy j\u0119zykowe na rok 2026!<\/strong><\/p>\n\n\n\n<p>Niezale\u017cnie od tego, czy chcesz podszlifowa\u0107 sw\u00f3j angielski, nauczy\u0107 si\u0119 angielskiego, niemieckiego, hiszpa\u0144skiego, portugalskiego, francuskiego, norweskiego czy polskiego jako obcego \u2013 mamy kurs idealny dla Ciebie! Nasze zaj\u0119cia prowadz\u0105 do\u015bwiadczeni lektorzy w przyjaznej i motywuj\u0105cej atmosferze.<\/p>\n\n\n\n<p>Do wyboru kurs indywidualny lub w ma\u0142ej grupie 4-6 os\u00f3b. <\/p>\n\n\n\n<p><strong>Dlaczego warto uczy\u0107 si\u0119 u nas?<\/strong><\/p>\n\n\n\n<ul class=\"wp-block-list\">\n<li>Kurs indywidualny lub ma\u0142a grupa \u2013 wi\u0119cej uwagi dla ka\u017cdego uczestnika<\/li>\n\n\n\n<li>Elastyczne godziny zaj\u0119\u0107 dopasowane do Twojego grafiku<\/li>\n\n\n\n<li>Nowoczesne materia\u0142y i metody nauczania<\/li>\n\n\n\n<li>Kursy stacjonarne i online<\/li>\n<\/ul>\n\n\n\n<p><\/p>\n\n\n\n<p><strong>Nie zwlekaj \u2013 liczba miejsc jest ograniczona!<\/strong><br>Zapisz si\u0119 ju\u017c dzi\u015b i zacznij swoj\u0105 j\u0119zykow\u0105 przygod\u0119 z nami!<\/p>\n\n\n\n<p>\u27a1\ufe0f <a href=\"https:\/\/adams.edu.pl\/en\/qsm_quiz\/kursy-2026-przedsprzedaz\/\" data-type=\"link\" data-id=\"https:\/\/adams.edu.pl\/qsm_quiz\/kursy-2026-przedsprzedaz\/\">Przejd\u017a do zapis\u00f3w <\/a><\/p>\n\n\n\n<p><\/p>","protected":false},"excerpt":{"rendered":"<p>Drodzy Kursanci, Rozpoczynamy zapisy na kursy j\u0119zykowe na rok 2026! Niezale\u017cnie od tego, czy chcesz podszlifowa\u0107 sw\u00f3j angielski, nauczy\u0107 si\u0119&#8230;<\/p>","protected":false},"author":2,"featured_media":6665,"comment_status":"closed","ping_status":"open","sticky":false,"template":"","format":"standard","meta":{"inline_featured_image":false,"footnotes":""},"categories":[1],"tags":[],"class_list":["post-6662","post","type-post","status-publish","format-standard","has-post-thumbnail","hentry","category-bez-kategorii"],"_links":{"self":[{"href":"https:\/\/adams.edu.pl\/en\/wp-json\/wp\/v2\/posts\/6662","targetHints":{"allow":["GET"]}}],"collection":[{"href":"https:\/\/adams.edu.pl\/en\/wp-json\/wp\/v2\/posts"}],"about":[{"href":"https:\/\/adams.edu.pl\/en\/wp-json\/wp\/v2\/types\/post"}],"author":[{"embeddable":true,"href":"https:\/\/adams.edu.pl\/en\/wp-json\/wp\/v2\/users\/2"}],"replies":[{"embeddable":true,"href":"https:\/\/adams.edu.pl\/en\/wp-json\/wp\/v2\/comments?post=6662"}],"version-history":[{"count":3,"href":"https:\/\/adams.edu.pl\/en\/wp-json\/wp\/v2\/posts\/6662\/revisions"}],"predecessor-version":[{"id":6666,"href":"https:\/\/adams.edu.pl\/en\/wp-json\/wp\/v2\/posts\/6662\/revisions\/6666"}],"wp:featuredmedia":[{"embeddable":true,"href":"https:\/\/adams.edu.pl\/en\/wp-json\/wp\/v2\/media\/6665"}],"wp:attachment":[{"href":"https:\/\/adams.edu.pl\/en\/wp-json\/wp\/v2\/media?parent=6662"}],"wp:term":[{"taxonomy":"category","embeddable":true,"href":"https:\/\/adams.edu.pl\/en\/wp-json\/wp\/v2\/categories?post=6662"},{"taxonomy":"post_tag","embeddable":true,"href":"https:\/\/adams.edu.pl\/en\/wp-json\/wp\/v2\/tags?post=6662"}],"curies":[{"name":"wp","href":"https:\/\/api.w.org\/{rel}","templated":true}]}}