{"id":6659,"date":"2025-12-18T11:34:23","date_gmt":"2025-12-18T10:34:23","guid":{"rendered":"https:\/\/adams.edu.pl\/?p=6659"},"modified":"2025-12-18T11:34:25","modified_gmt":"2025-12-18T10:34:25","slug":"przerwa-swiateczna","status":"publish","type":"post","link":"https:\/\/adams.edu.pl\/en\/przerwa-swiateczna\/","title":{"rendered":"Przerwa \u015bwi\u0105teczna"},"content":{"rendered":"<p>Drodzy Kursanci,<\/p>\n\n\n\n<p>Z <a><\/a>rado\u015bci\u0105 informujemy, \u017ce nasze biuro b\u0119dzie czynne do 19 grudnia. Nast\u0119pnie, od 20 grudnia 2025 r. do 6 stycznia 2026 r. b\u0119dziemy cieszy\u0107 si\u0119 przerw\u0105 \u015bwi\u0105teczn\u0105 i nasze biuro b\u0119dzie nieczynne. <img decoding=\"async\" height=\"16\" width=\"16\" alt=\"\ud83c\udf84\" src=\"https:\/\/static.xx.fbcdn.net\/images\/emoji.php\/v9\/t7\/1\/16\/1f384.png\"><\/p>\n\n\n\n<p>Na wszelkie pytania odpowiemy po przerwie, a w mi\u0119dzyczasie pami\u0119tajcie, \u017ce z ka\u017cdym dniem jeste\u015bcie coraz bli\u017cej spe\u0142nienia swoich j\u0119zykowych marze\u0144! <img decoding=\"async\" height=\"16\" width=\"16\" alt=\"\ud83d\ude0a\" src=\"https:\/\/static.xx.fbcdn.net\/images\/emoji.php\/v9\/t7f\/1\/16\/1f60a.png\"><\/p>\n\n\n\n<p>Do zobaczenia w Nowym Roku!<\/p>","protected":false},"excerpt":{"rendered":"<p>Drodzy Kursanci, Z rado\u015bci\u0105 informujemy, \u017ce nasze biuro b\u0119dzie czynne do 19 grudnia. Nast\u0119pnie, od 20 grudnia 2025 r. do&#8230;<\/p>","protected":false},"author":2,"featured_media":6660,"comment_status":"closed","ping_status":"open","sticky":false,"template":"","format":"standard","meta":{"inline_featured_image":false,"footnotes":""},"categories":[1],"tags":[],"class_list":["post-6659","post","type-post","status-publish","format-standard","has-post-thumbnail","hentry","category-bez-kategorii"],"_links":{"self":[{"href":"https:\/\/adams.edu.pl\/en\/wp-json\/wp\/v2\/posts\/6659","targetHints":{"allow":["GET"]}}],"collection":[{"href":"https:\/\/adams.edu.pl\/en\/wp-json\/wp\/v2\/posts"}],"about":[{"href":"https:\/\/adams.edu.pl\/en\/wp-json\/wp\/v2\/types\/post"}],"author":[{"embeddable":true,"href":"https:\/\/adams.edu.pl\/en\/wp-json\/wp\/v2\/users\/2"}],"replies":[{"embeddable":true,"href":"https:\/\/adams.edu.pl\/en\/wp-json\/wp\/v2\/comments?post=6659"}],"version-history":[{"count":1,"href":"https:\/\/adams.edu.pl\/en\/wp-json\/wp\/v2\/posts\/6659\/revisions"}],"predecessor-version":[{"id":6661,"href":"https:\/\/adams.edu.pl\/en\/wp-json\/wp\/v2\/posts\/6659\/revisions\/6661"}],"wp:featuredmedia":[{"embeddable":true,"href":"https:\/\/adams.edu.pl\/en\/wp-json\/wp\/v2\/media\/6660"}],"wp:attachment":[{"href":"https:\/\/adams.edu.pl\/en\/wp-json\/wp\/v2\/media?parent=6659"}],"wp:term":[{"taxonomy":"category","embeddable":true,"href":"https:\/\/adams.edu.pl\/en\/wp-json\/wp\/v2\/categories?post=6659"},{"taxonomy":"post_tag","embeddable":true,"href":"https:\/\/adams.edu.pl\/en\/wp-json\/wp\/v2\/tags?post=6659"}],"curies":[{"name":"wp","href":"https:\/\/api.w.org\/{rel}","templated":true}]}}